{"id":1501,"date":"2025-05-08T15:01:25","date_gmt":"2025-05-08T15:01:25","guid":{"rendered":"https:\/\/www.ursu9.es\/news\/?p=1501"},"modified":"2025-05-09T09:44:51","modified_gmt":"2025-05-09T09:44:51","slug":"ursu9-no-rally-de-portugal-2025","status":"publish","type":"post","link":"https:\/\/www.ursu9.es\/news\/pt\/ursu9-no-rally-de-portugal-2025\/","title":{"rendered":"URSU9 no Rally de Portugal 2025"},"content":{"rendered":"\n<p><strong>A URSU9 refor\u00e7a, em 2025, a sua presen\u00e7a como \u00c1gua Oficial do WRC Vodafone Rally de Portugal<\/strong>, um dos eventos mais emblem\u00e1ticos do calend\u00e1rio mundial de ralis. A prova decorre de 15 a 18 de maio e \u00e9 considerada por muitos o melhor rally do mundo, atraindo milhares de entusiastas e algumas das melhores equipas internacionais.<\/p>\n\n\n\n<p>Sob o mote <strong>\u201cPorque os Campe\u00f5es merecem a melhor \u00e1gua alcalina\u201d<\/strong>, a URSU9 volta a afirmar-se como a escolha de excel\u00eancia para quem procura equil\u00edbrio, performance e bem-estar \u2014 mesmo nos contextos mais exigentes.<\/p>\n\n\n\n<p>Esta parceria insere-se na estrat\u00e9gia da URSU de marcar presen\u00e7a em grandes eventos desportivos e promover a hidrata\u00e7\u00e3o como parte de um estilo de vida equilibrado e saud\u00e1vel.<\/p>\n\n\n\n<p>Al\u00e9m disso, a URSU9 ir\u00e1 promover um passatempo exclusivo no <a href=\"https:\/\/www.instagram.com\/ursu9_official\/\">Instagram oficial<\/a>, entre 9 e 11 de maio, onde os participantes ter\u00e3o a oportunidade de ganhar Rally Passes para assistir \u00e0 prova ao vivo. Consulte o regulamento <strong><a href=\"https:\/\/drive.google.com\/file\/d\/1KoxwRR70wfkA4L0NRW3Y8SLmCDnTsYwo\/view?usp=sharing\" target=\"_blank\" rel=\"noreferrer noopener\">aqui<\/a>.<\/strong><\/p>\n\n\n\n<p>Lembre-se de assistir ao rally com seguran\u00e7a, preservar a natureza, manter-se hidratado e proteger-se&nbsp;do&nbsp;sol.<\/p>\n\n\n\n<p><\/p>\n","protected":false},"excerpt":{"rendered":"<p>A URSU9 refor\u00e7a, em 2025, a sua presen\u00e7a como \u00c1gua Oficial do WRC Vodafone Rally de Portugal, um dos eventos mais emblem\u00e1ticos do calend\u00e1rio mundial de ralis. A prova decorre de 15 a 18 de maio.<\/p>\n","protected":false},"author":2,"featured_media":1495,"comment_status":"closed","ping_status":"open","sticky":false,"template":"single-ursu","format":"standard","meta":{"footnotes":""},"categories":[11],"tags":[],"class_list":["post-1501","post","type-post","status-publish","format-standard","has-post-thumbnail","hentry","category-uncategorized-pt"],"yoast_head":"<!-- This site is optimized with the Yoast SEO plugin v24.4 - https:\/\/yoast.com\/wordpress\/plugins\/seo\/ -->\n<title>URSU9 no Rally de Portugal 2025 - URSU - Agua mineral natural - pH9 alcalina y antioxidante<\/title>\n<meta name=\"description\" content=\"A URSU9 refor\u00e7a, em 2025, a sua presen\u00e7a como \u00c1gua Oficial do WRC Vodafone Rally de Portugal, prova decorre de 15 a 18 de maio.\" \/>\n<meta name=\"robots\" content=\"index, follow, max-snippet:-1, max-image-preview:large, max-video-preview:-1\" \/>\n<link rel=\"canonical\" href=\"https:\/\/www.ursu9.es\/news\/pt\/ursu9-no-rally-de-portugal-2025\/\" \/>\n<meta property=\"og:locale\" content=\"en_US\" \/>\n<meta property=\"og:type\" content=\"article\" \/>\n<meta property=\"og:title\" content=\"URSU9 no Rally de Portugal 2025 - URSU - Agua mineral natural - pH9 alcalina y antioxidante\" \/>\n<meta property=\"og:description\" content=\"A URSU9 refor\u00e7a, em 2025, a sua presen\u00e7a como \u00c1gua Oficial do WRC Vodafone Rally de Portugal, prova decorre de 15 a 18 de maio.\" \/>\n<meta property=\"og:url\" content=\"https:\/\/www.ursu9.es\/news\/pt\/ursu9-no-rally-de-portugal-2025\/\" \/>\n<meta property=\"og:site_name\" content=\"URSU - Agua mineral natural - pH9 alcalina y antioxidante\" \/>\n<meta property=\"article:published_time\" content=\"2025-05-08T15:01:25+00:00\" \/>\n<meta property=\"article:modified_time\" content=\"2025-05-09T09:44:51+00:00\" \/>\n<meta property=\"og:image\" content=\"https:\/\/www.ursu9.es\/news\/wp-content\/uploads\/2025\/05\/Water-of-Champions-URSU9-is-the-Official-Water-of-the-WRC-Rally-de-Portugal-2025.jpg\" \/>\n\t<meta property=\"og:image:width\" content=\"1600\" \/>\n\t<meta property=\"og:image:height\" content=\"1000\" \/>\n\t<meta property=\"og:image:type\" content=\"image\/jpeg\" \/>\n<meta name=\"author\" content=\"press\" \/>\n<meta name=\"twitter:card\" content=\"summary_large_image\" \/>\n<meta name=\"twitter:label1\" content=\"Written by\" \/>\n\t<meta name=\"twitter:data1\" content=\"press\" \/>\n\t<meta name=\"twitter:label2\" content=\"Est. reading time\" \/>\n\t<meta name=\"twitter:data2\" content=\"1 minute\" \/>\n<script type=\"application\/ld+json\" class=\"yoast-schema-graph\">{\"@context\":\"https:\/\/schema.org\",\"@graph\":[{\"@type\":\"WebPage\",\"@id\":\"https:\/\/www.ursu9.es\/news\/pt\/ursu9-no-rally-de-portugal-2025\/\",\"url\":\"https:\/\/www.ursu9.es\/news\/pt\/ursu9-no-rally-de-portugal-2025\/\",\"name\":\"URSU9 no Rally de Portugal 2025 - URSU - Agua mineral natural - pH9 alcalina y antioxidante\",\"isPartOf\":{\"@id\":\"https:\/\/www.ursu9.es\/news\/#website\"},\"primaryImageOfPage\":{\"@id\":\"https:\/\/www.ursu9.es\/news\/pt\/ursu9-no-rally-de-portugal-2025\/#primaryimage\"},\"image\":{\"@id\":\"https:\/\/www.ursu9.es\/news\/pt\/ursu9-no-rally-de-portugal-2025\/#primaryimage\"},\"thumbnailUrl\":\"https:\/\/www.ursu9.es\/news\/wp-content\/uploads\/2025\/05\/Water-of-Champions-URSU9-is-the-Official-Water-of-the-WRC-Rally-de-Portugal-2025.jpg\",\"datePublished\":\"2025-05-08T15:01:25+00:00\",\"dateModified\":\"2025-05-09T09:44:51+00:00\",\"author\":{\"@id\":\"https:\/\/www.ursu9.es\/news\/#\/schema\/person\/ce3eccaa21bdeb333222be2fd9c38727\"},\"description\":\"A URSU9 refor\u00e7a, em 2025, a sua presen\u00e7a como \u00c1gua Oficial do WRC Vodafone Rally de Portugal, prova decorre de 15 a 18 de maio.\",\"breadcrumb\":{\"@id\":\"https:\/\/www.ursu9.es\/news\/pt\/ursu9-no-rally-de-portugal-2025\/#breadcrumb\"},\"inLanguage\":\"en-US\",\"potentialAction\":[{\"@type\":\"ReadAction\",\"target\":[\"https:\/\/www.ursu9.es\/news\/pt\/ursu9-no-rally-de-portugal-2025\/\"]}]},{\"@type\":\"ImageObject\",\"inLanguage\":\"en-US\",\"@id\":\"https:\/\/www.ursu9.es\/news\/pt\/ursu9-no-rally-de-portugal-2025\/#primaryimage\",\"url\":\"https:\/\/www.ursu9.es\/news\/wp-content\/uploads\/2025\/05\/Water-of-Champions-URSU9-is-the-Official-Water-of-the-WRC-Rally-de-Portugal-2025.jpg\",\"contentUrl\":\"https:\/\/www.ursu9.es\/news\/wp-content\/uploads\/2025\/05\/Water-of-Champions-URSU9-is-the-Official-Water-of-the-WRC-Rally-de-Portugal-2025.jpg\",\"width\":1600,\"height\":1000,\"caption\":\"Water-of-Champions-URSU9 is the Official Water of the WRC Rally de Portugal 2025\"},{\"@type\":\"BreadcrumbList\",\"@id\":\"https:\/\/www.ursu9.es\/news\/pt\/ursu9-no-rally-de-portugal-2025\/#breadcrumb\",\"itemListElement\":[{\"@type\":\"ListItem\",\"position\":1,\"name\":\"Home\",\"item\":\"https:\/\/www.ursu9.es\/news\/\"},{\"@type\":\"ListItem\",\"position\":2,\"name\":\"URSU9 no Rally de Portugal 2025\"}]},{\"@type\":\"WebSite\",\"@id\":\"https:\/\/www.ursu9.es\/news\/#website\",\"url\":\"https:\/\/www.ursu9.es\/news\/\",\"name\":\"URSU - Agua mineral natural - pH9 alcalina y antioxidante\",\"description\":\"\",\"potentialAction\":[{\"@type\":\"SearchAction\",\"target\":{\"@type\":\"EntryPoint\",\"urlTemplate\":\"https:\/\/www.ursu9.es\/news\/?s={search_term_string}\"},\"query-input\":{\"@type\":\"PropertyValueSpecification\",\"valueRequired\":true,\"valueName\":\"search_term_string\"}}],\"inLanguage\":\"en-US\"},{\"@type\":\"Person\",\"@id\":\"https:\/\/www.ursu9.es\/news\/#\/schema\/person\/ce3eccaa21bdeb333222be2fd9c38727\",\"name\":\"press\",\"url\":\"https:\/\/www.ursu9.es\/news\/author\/pressursu9-es\/\"}]}<\/script>\n<!-- \/ Yoast SEO plugin. -->","yoast_head_json":{"title":"URSU9 no Rally de Portugal 2025 - URSU - Agua mineral natural - pH9 alcalina y antioxidante","description":"A URSU9 refor\u00e7a, em 2025, a sua presen\u00e7a como \u00c1gua Oficial do WRC Vodafone Rally de Portugal, prova decorre de 15 a 18 de maio.","robots":{"index":"index","follow":"follow","max-snippet":"max-snippet:-1","max-image-preview":"max-image-preview:large","max-video-preview":"max-video-preview:-1"},"canonical":"https:\/\/www.ursu9.es\/news\/pt\/ursu9-no-rally-de-portugal-2025\/","og_locale":"en_US","og_type":"article","og_title":"URSU9 no Rally de Portugal 2025 - URSU - Agua mineral natural - pH9 alcalina y antioxidante","og_description":"A URSU9 refor\u00e7a, em 2025, a sua presen\u00e7a como \u00c1gua Oficial do WRC Vodafone Rally de Portugal, prova decorre de 15 a 18 de maio.","og_url":"https:\/\/www.ursu9.es\/news\/pt\/ursu9-no-rally-de-portugal-2025\/","og_site_name":"URSU - Agua mineral natural - pH9 alcalina y antioxidante","article_published_time":"2025-05-08T15:01:25+00:00","article_modified_time":"2025-05-09T09:44:51+00:00","og_image":[{"width":1600,"height":1000,"url":"https:\/\/www.ursu9.es\/news\/wp-content\/uploads\/2025\/05\/Water-of-Champions-URSU9-is-the-Official-Water-of-the-WRC-Rally-de-Portugal-2025.jpg","type":"image\/jpeg"}],"author":"press","twitter_card":"summary_large_image","twitter_misc":{"Written by":"press","Est. reading time":"1 minute"},"schema":{"@context":"https:\/\/schema.org","@graph":[{"@type":"WebPage","@id":"https:\/\/www.ursu9.es\/news\/pt\/ursu9-no-rally-de-portugal-2025\/","url":"https:\/\/www.ursu9.es\/news\/pt\/ursu9-no-rally-de-portugal-2025\/","name":"URSU9 no Rally de Portugal 2025 - URSU - Agua mineral natural - pH9 alcalina y antioxidante","isPartOf":{"@id":"https:\/\/www.ursu9.es\/news\/#website"},"primaryImageOfPage":{"@id":"https:\/\/www.ursu9.es\/news\/pt\/ursu9-no-rally-de-portugal-2025\/#primaryimage"},"image":{"@id":"https:\/\/www.ursu9.es\/news\/pt\/ursu9-no-rally-de-portugal-2025\/#primaryimage"},"thumbnailUrl":"https:\/\/www.ursu9.es\/news\/wp-content\/uploads\/2025\/05\/Water-of-Champions-URSU9-is-the-Official-Water-of-the-WRC-Rally-de-Portugal-2025.jpg","datePublished":"2025-05-08T15:01:25+00:00","dateModified":"2025-05-09T09:44:51+00:00","author":{"@id":"https:\/\/www.ursu9.es\/news\/#\/schema\/person\/ce3eccaa21bdeb333222be2fd9c38727"},"description":"A URSU9 refor\u00e7a, em 2025, a sua presen\u00e7a como \u00c1gua Oficial do WRC Vodafone Rally de Portugal, prova decorre de 15 a 18 de maio.","breadcrumb":{"@id":"https:\/\/www.ursu9.es\/news\/pt\/ursu9-no-rally-de-portugal-2025\/#breadcrumb"},"inLanguage":"en-US","potentialAction":[{"@type":"ReadAction","target":["https:\/\/www.ursu9.es\/news\/pt\/ursu9-no-rally-de-portugal-2025\/"]}]},{"@type":"ImageObject","inLanguage":"en-US","@id":"https:\/\/www.ursu9.es\/news\/pt\/ursu9-no-rally-de-portugal-2025\/#primaryimage","url":"https:\/\/www.ursu9.es\/news\/wp-content\/uploads\/2025\/05\/Water-of-Champions-URSU9-is-the-Official-Water-of-the-WRC-Rally-de-Portugal-2025.jpg","contentUrl":"https:\/\/www.ursu9.es\/news\/wp-content\/uploads\/2025\/05\/Water-of-Champions-URSU9-is-the-Official-Water-of-the-WRC-Rally-de-Portugal-2025.jpg","width":1600,"height":1000,"caption":"Water-of-Champions-URSU9 is the Official Water of the WRC Rally de Portugal 2025"},{"@type":"BreadcrumbList","@id":"https:\/\/www.ursu9.es\/news\/pt\/ursu9-no-rally-de-portugal-2025\/#breadcrumb","itemListElement":[{"@type":"ListItem","position":1,"name":"Home","item":"https:\/\/www.ursu9.es\/news\/"},{"@type":"ListItem","position":2,"name":"URSU9 no Rally de Portugal 2025"}]},{"@type":"WebSite","@id":"https:\/\/www.ursu9.es\/news\/#website","url":"https:\/\/www.ursu9.es\/news\/","name":"URSU - Agua mineral natural - pH9 alcalina y antioxidante","description":"","potentialAction":[{"@type":"SearchAction","target":{"@type":"EntryPoint","urlTemplate":"https:\/\/www.ursu9.es\/news\/?s={search_term_string}"},"query-input":{"@type":"PropertyValueSpecification","valueRequired":true,"valueName":"search_term_string"}}],"inLanguage":"en-US"},{"@type":"Person","@id":"https:\/\/www.ursu9.es\/news\/#\/schema\/person\/ce3eccaa21bdeb333222be2fd9c38727","name":"press","url":"https:\/\/www.ursu9.es\/news\/author\/pressursu9-es\/"}]}},"_links":{"self":[{"href":"https:\/\/www.ursu9.es\/news\/wp-json\/wp\/v2\/posts\/1501","targetHints":{"allow":["GET"]}}],"collection":[{"href":"https:\/\/www.ursu9.es\/news\/wp-json\/wp\/v2\/posts"}],"about":[{"href":"https:\/\/www.ursu9.es\/news\/wp-json\/wp\/v2\/types\/post"}],"author":[{"embeddable":true,"href":"https:\/\/www.ursu9.es\/news\/wp-json\/wp\/v2\/users\/2"}],"replies":[{"embeddable":true,"href":"https:\/\/www.ursu9.es\/news\/wp-json\/wp\/v2\/comments?post=1501"}],"version-history":[{"count":7,"href":"https:\/\/www.ursu9.es\/news\/wp-json\/wp\/v2\/posts\/1501\/revisions"}],"predecessor-version":[{"id":1516,"href":"https:\/\/www.ursu9.es\/news\/wp-json\/wp\/v2\/posts\/1501\/revisions\/1516"}],"wp:featuredmedia":[{"embeddable":true,"href":"https:\/\/www.ursu9.es\/news\/wp-json\/wp\/v2\/media\/1495"}],"wp:attachment":[{"href":"https:\/\/www.ursu9.es\/news\/wp-json\/wp\/v2\/media?parent=1501"}],"wp:term":[{"taxonomy":"category","embeddable":true,"href":"https:\/\/www.ursu9.es\/news\/wp-json\/wp\/v2\/categories?post=1501"},{"taxonomy":"post_tag","embeddable":true,"href":"https:\/\/www.ursu9.es\/news\/wp-json\/wp\/v2\/tags?post=1501"}],"curies":[{"name":"wp","href":"https:\/\/api.w.org\/{rel}","templated":true}]}}