{"id":1498,"date":"2025-05-08T15:00:28","date_gmt":"2025-05-08T15:00:28","guid":{"rendered":"https:\/\/www.ursu9.es\/news\/?p=1498"},"modified":"2025-05-08T15:02:58","modified_gmt":"2025-05-08T15:02:58","slug":"ursu9-en-rally-de-portugal-2025","status":"publish","type":"post","link":"https:\/\/www.ursu9.es\/news\/es\/ursu9-en-rally-de-portugal-2025\/","title":{"rendered":"URSU9 en Rally de Portugal 2025"},"content":{"rendered":"\n<p>En 2025, <strong>URSU9 refuerza su presencia como Agua Oficial del WRC Vodafone Rally de Portugal<\/strong>, uno de los eventos m\u00e1s emblem\u00e1ticos del calendario mundial de rally. La prueba se celebrar\u00e1 del 15 al 18 de mayo y est\u00e1 considerada por muchos como el mejor rally del mundo, atrayendo a miles de aficionados y a algunos de los mejores equipos internacionales.<\/p>\n\n\n\n<p>Bajo el lema <strong>\u201cPorque los campeones merecen la mejor agua alcalina\u201d<\/strong>, URSU9 se reafirma como la elecci\u00f3n de excelencia para quien busca equilibrio, rendimiento y bienestar, incluso en los contextos m\u00e1s exigentes.<\/p>\n\n\n\n<p>Esta colaboraci\u00f3n forma parte de la estrategia de URSU9 de estar presente en los grandes eventos deportivos y de promover la hidrataci\u00f3n como un componente clave de un estilo de vida equilibrado y saludable.<\/p>\n\n\n\n<p>Recuerda disfrutar del rally con seguridad, respetar la naturaleza, mantenerte hidratado y protegerte del sol.<\/p>\n\n\n\n<p><\/p>\n","protected":false},"excerpt":{"rendered":"<p>En 2025, URSU9 refuerza su presencia como Agua Oficial del WRC Vodafone Rally de Portugal, uno de los eventos m\u00e1s emblem\u00e1ticos del calendario mundial de rally.  La prueba se celebrar\u00e1 del 15 al 18 de mayo. <\/p>\n","protected":false},"author":2,"featured_media":1495,"comment_status":"closed","ping_status":"open","sticky":false,"template":"single-ursu","format":"standard","meta":{"footnotes":""},"categories":[7],"tags":[],"class_list":["post-1498","post","type-post","status-publish","format-standard","has-post-thumbnail","hentry","category-uncategorized-es"],"yoast_head":"<!-- This site is optimized with the Yoast SEO plugin v24.4 - https:\/\/yoast.com\/wordpress\/plugins\/seo\/ -->\n<title>URSU9 en Rally de Portugal 2025 - URSU - Agua mineral natural - pH9 alcalina y antioxidante<\/title>\n<meta name=\"description\" content=\"En 2025, URSU9 refuerza su presencia como Agua Oficial del WRC Vodafone Rally de Portugal, del 15 al 18 de mayo.\" \/>\n<meta name=\"robots\" content=\"index, follow, max-snippet:-1, max-image-preview:large, max-video-preview:-1\" \/>\n<link rel=\"canonical\" href=\"https:\/\/www.ursu9.es\/news\/es\/ursu9-en-rally-de-portugal-2025\/\" \/>\n<meta property=\"og:locale\" content=\"en_US\" \/>\n<meta property=\"og:type\" content=\"article\" \/>\n<meta property=\"og:title\" content=\"URSU9 en Rally de Portugal 2025 - URSU - Agua mineral natural - pH9 alcalina y antioxidante\" \/>\n<meta property=\"og:description\" content=\"En 2025, URSU9 refuerza su presencia como Agua Oficial del WRC Vodafone Rally de Portugal, del 15 al 18 de mayo.\" \/>\n<meta property=\"og:url\" content=\"https:\/\/www.ursu9.es\/news\/es\/ursu9-en-rally-de-portugal-2025\/\" \/>\n<meta property=\"og:site_name\" content=\"URSU - Agua mineral natural - pH9 alcalina y antioxidante\" \/>\n<meta property=\"article:published_time\" content=\"2025-05-08T15:00:28+00:00\" \/>\n<meta property=\"article:modified_time\" content=\"2025-05-08T15:02:58+00:00\" \/>\n<meta property=\"og:image\" content=\"https:\/\/www.ursu9.es\/news\/wp-content\/uploads\/2025\/05\/Water-of-Champions-URSU9-is-the-Official-Water-of-the-WRC-Rally-de-Portugal-2025.jpg\" \/>\n\t<meta property=\"og:image:width\" content=\"1600\" \/>\n\t<meta property=\"og:image:height\" content=\"1000\" \/>\n\t<meta property=\"og:image:type\" content=\"image\/jpeg\" \/>\n<meta name=\"author\" content=\"press\" \/>\n<meta name=\"twitter:card\" content=\"summary_large_image\" \/>\n<meta name=\"twitter:label1\" content=\"Written by\" \/>\n\t<meta name=\"twitter:data1\" content=\"press\" \/>\n\t<meta name=\"twitter:label2\" content=\"Est. reading time\" \/>\n\t<meta name=\"twitter:data2\" content=\"1 minute\" \/>\n<script type=\"application\/ld+json\" class=\"yoast-schema-graph\">{\"@context\":\"https:\/\/schema.org\",\"@graph\":[{\"@type\":\"WebPage\",\"@id\":\"https:\/\/www.ursu9.es\/news\/es\/ursu9-en-rally-de-portugal-2025\/\",\"url\":\"https:\/\/www.ursu9.es\/news\/es\/ursu9-en-rally-de-portugal-2025\/\",\"name\":\"URSU9 en Rally de Portugal 2025 - URSU - Agua mineral natural - pH9 alcalina y antioxidante\",\"isPartOf\":{\"@id\":\"https:\/\/www.ursu9.es\/news\/#website\"},\"primaryImageOfPage\":{\"@id\":\"https:\/\/www.ursu9.es\/news\/es\/ursu9-en-rally-de-portugal-2025\/#primaryimage\"},\"image\":{\"@id\":\"https:\/\/www.ursu9.es\/news\/es\/ursu9-en-rally-de-portugal-2025\/#primaryimage\"},\"thumbnailUrl\":\"https:\/\/www.ursu9.es\/news\/wp-content\/uploads\/2025\/05\/Water-of-Champions-URSU9-is-the-Official-Water-of-the-WRC-Rally-de-Portugal-2025.jpg\",\"datePublished\":\"2025-05-08T15:00:28+00:00\",\"dateModified\":\"2025-05-08T15:02:58+00:00\",\"author\":{\"@id\":\"https:\/\/www.ursu9.es\/news\/#\/schema\/person\/ce3eccaa21bdeb333222be2fd9c38727\"},\"description\":\"En 2025, URSU9 refuerza su presencia como Agua Oficial del WRC Vodafone Rally de Portugal, del 15 al 18 de mayo.\",\"breadcrumb\":{\"@id\":\"https:\/\/www.ursu9.es\/news\/es\/ursu9-en-rally-de-portugal-2025\/#breadcrumb\"},\"inLanguage\":\"en-US\",\"potentialAction\":[{\"@type\":\"ReadAction\",\"target\":[\"https:\/\/www.ursu9.es\/news\/es\/ursu9-en-rally-de-portugal-2025\/\"]}]},{\"@type\":\"ImageObject\",\"inLanguage\":\"en-US\",\"@id\":\"https:\/\/www.ursu9.es\/news\/es\/ursu9-en-rally-de-portugal-2025\/#primaryimage\",\"url\":\"https:\/\/www.ursu9.es\/news\/wp-content\/uploads\/2025\/05\/Water-of-Champions-URSU9-is-the-Official-Water-of-the-WRC-Rally-de-Portugal-2025.jpg\",\"contentUrl\":\"https:\/\/www.ursu9.es\/news\/wp-content\/uploads\/2025\/05\/Water-of-Champions-URSU9-is-the-Official-Water-of-the-WRC-Rally-de-Portugal-2025.jpg\",\"width\":1600,\"height\":1000,\"caption\":\"Water-of-Champions-URSU9 is the Official Water of the WRC Rally de Portugal 2025\"},{\"@type\":\"BreadcrumbList\",\"@id\":\"https:\/\/www.ursu9.es\/news\/es\/ursu9-en-rally-de-portugal-2025\/#breadcrumb\",\"itemListElement\":[{\"@type\":\"ListItem\",\"position\":1,\"name\":\"Home\",\"item\":\"https:\/\/www.ursu9.es\/news\/\"},{\"@type\":\"ListItem\",\"position\":2,\"name\":\"URSU9 en Rally de Portugal 2025\"}]},{\"@type\":\"WebSite\",\"@id\":\"https:\/\/www.ursu9.es\/news\/#website\",\"url\":\"https:\/\/www.ursu9.es\/news\/\",\"name\":\"URSU - Agua mineral natural - pH9 alcalina y antioxidante\",\"description\":\"\",\"potentialAction\":[{\"@type\":\"SearchAction\",\"target\":{\"@type\":\"EntryPoint\",\"urlTemplate\":\"https:\/\/www.ursu9.es\/news\/?s={search_term_string}\"},\"query-input\":{\"@type\":\"PropertyValueSpecification\",\"valueRequired\":true,\"valueName\":\"search_term_string\"}}],\"inLanguage\":\"en-US\"},{\"@type\":\"Person\",\"@id\":\"https:\/\/www.ursu9.es\/news\/#\/schema\/person\/ce3eccaa21bdeb333222be2fd9c38727\",\"name\":\"press\",\"url\":\"https:\/\/www.ursu9.es\/news\/author\/pressursu9-es\/\"}]}<\/script>\n<!-- \/ Yoast SEO plugin. -->","yoast_head_json":{"title":"URSU9 en Rally de Portugal 2025 - URSU - Agua mineral natural - pH9 alcalina y antioxidante","description":"En 2025, URSU9 refuerza su presencia como Agua Oficial del WRC Vodafone Rally de Portugal, del 15 al 18 de mayo.","robots":{"index":"index","follow":"follow","max-snippet":"max-snippet:-1","max-image-preview":"max-image-preview:large","max-video-preview":"max-video-preview:-1"},"canonical":"https:\/\/www.ursu9.es\/news\/es\/ursu9-en-rally-de-portugal-2025\/","og_locale":"en_US","og_type":"article","og_title":"URSU9 en Rally de Portugal 2025 - URSU - Agua mineral natural - pH9 alcalina y antioxidante","og_description":"En 2025, URSU9 refuerza su presencia como Agua Oficial del WRC Vodafone Rally de Portugal, del 15 al 18 de mayo.","og_url":"https:\/\/www.ursu9.es\/news\/es\/ursu9-en-rally-de-portugal-2025\/","og_site_name":"URSU - Agua mineral natural - pH9 alcalina y antioxidante","article_published_time":"2025-05-08T15:00:28+00:00","article_modified_time":"2025-05-08T15:02:58+00:00","og_image":[{"width":1600,"height":1000,"url":"https:\/\/www.ursu9.es\/news\/wp-content\/uploads\/2025\/05\/Water-of-Champions-URSU9-is-the-Official-Water-of-the-WRC-Rally-de-Portugal-2025.jpg","type":"image\/jpeg"}],"author":"press","twitter_card":"summary_large_image","twitter_misc":{"Written by":"press","Est. reading time":"1 minute"},"schema":{"@context":"https:\/\/schema.org","@graph":[{"@type":"WebPage","@id":"https:\/\/www.ursu9.es\/news\/es\/ursu9-en-rally-de-portugal-2025\/","url":"https:\/\/www.ursu9.es\/news\/es\/ursu9-en-rally-de-portugal-2025\/","name":"URSU9 en Rally de Portugal 2025 - URSU - Agua mineral natural - pH9 alcalina y antioxidante","isPartOf":{"@id":"https:\/\/www.ursu9.es\/news\/#website"},"primaryImageOfPage":{"@id":"https:\/\/www.ursu9.es\/news\/es\/ursu9-en-rally-de-portugal-2025\/#primaryimage"},"image":{"@id":"https:\/\/www.ursu9.es\/news\/es\/ursu9-en-rally-de-portugal-2025\/#primaryimage"},"thumbnailUrl":"https:\/\/www.ursu9.es\/news\/wp-content\/uploads\/2025\/05\/Water-of-Champions-URSU9-is-the-Official-Water-of-the-WRC-Rally-de-Portugal-2025.jpg","datePublished":"2025-05-08T15:00:28+00:00","dateModified":"2025-05-08T15:02:58+00:00","author":{"@id":"https:\/\/www.ursu9.es\/news\/#\/schema\/person\/ce3eccaa21bdeb333222be2fd9c38727"},"description":"En 2025, URSU9 refuerza su presencia como Agua Oficial del WRC Vodafone Rally de Portugal, del 15 al 18 de mayo.","breadcrumb":{"@id":"https:\/\/www.ursu9.es\/news\/es\/ursu9-en-rally-de-portugal-2025\/#breadcrumb"},"inLanguage":"en-US","potentialAction":[{"@type":"ReadAction","target":["https:\/\/www.ursu9.es\/news\/es\/ursu9-en-rally-de-portugal-2025\/"]}]},{"@type":"ImageObject","inLanguage":"en-US","@id":"https:\/\/www.ursu9.es\/news\/es\/ursu9-en-rally-de-portugal-2025\/#primaryimage","url":"https:\/\/www.ursu9.es\/news\/wp-content\/uploads\/2025\/05\/Water-of-Champions-URSU9-is-the-Official-Water-of-the-WRC-Rally-de-Portugal-2025.jpg","contentUrl":"https:\/\/www.ursu9.es\/news\/wp-content\/uploads\/2025\/05\/Water-of-Champions-URSU9-is-the-Official-Water-of-the-WRC-Rally-de-Portugal-2025.jpg","width":1600,"height":1000,"caption":"Water-of-Champions-URSU9 is the Official Water of the WRC Rally de Portugal 2025"},{"@type":"BreadcrumbList","@id":"https:\/\/www.ursu9.es\/news\/es\/ursu9-en-rally-de-portugal-2025\/#breadcrumb","itemListElement":[{"@type":"ListItem","position":1,"name":"Home","item":"https:\/\/www.ursu9.es\/news\/"},{"@type":"ListItem","position":2,"name":"URSU9 en Rally de Portugal 2025"}]},{"@type":"WebSite","@id":"https:\/\/www.ursu9.es\/news\/#website","url":"https:\/\/www.ursu9.es\/news\/","name":"URSU - Agua mineral natural - pH9 alcalina y antioxidante","description":"","potentialAction":[{"@type":"SearchAction","target":{"@type":"EntryPoint","urlTemplate":"https:\/\/www.ursu9.es\/news\/?s={search_term_string}"},"query-input":{"@type":"PropertyValueSpecification","valueRequired":true,"valueName":"search_term_string"}}],"inLanguage":"en-US"},{"@type":"Person","@id":"https:\/\/www.ursu9.es\/news\/#\/schema\/person\/ce3eccaa21bdeb333222be2fd9c38727","name":"press","url":"https:\/\/www.ursu9.es\/news\/author\/pressursu9-es\/"}]}},"_links":{"self":[{"href":"https:\/\/www.ursu9.es\/news\/wp-json\/wp\/v2\/posts\/1498","targetHints":{"allow":["GET"]}}],"collection":[{"href":"https:\/\/www.ursu9.es\/news\/wp-json\/wp\/v2\/posts"}],"about":[{"href":"https:\/\/www.ursu9.es\/news\/wp-json\/wp\/v2\/types\/post"}],"author":[{"embeddable":true,"href":"https:\/\/www.ursu9.es\/news\/wp-json\/wp\/v2\/users\/2"}],"replies":[{"embeddable":true,"href":"https:\/\/www.ursu9.es\/news\/wp-json\/wp\/v2\/comments?post=1498"}],"version-history":[{"count":4,"href":"https:\/\/www.ursu9.es\/news\/wp-json\/wp\/v2\/posts\/1498\/revisions"}],"predecessor-version":[{"id":1508,"href":"https:\/\/www.ursu9.es\/news\/wp-json\/wp\/v2\/posts\/1498\/revisions\/1508"}],"wp:featuredmedia":[{"embeddable":true,"href":"https:\/\/www.ursu9.es\/news\/wp-json\/wp\/v2\/media\/1495"}],"wp:attachment":[{"href":"https:\/\/www.ursu9.es\/news\/wp-json\/wp\/v2\/media?parent=1498"}],"wp:term":[{"taxonomy":"category","embeddable":true,"href":"https:\/\/www.ursu9.es\/news\/wp-json\/wp\/v2\/categories?post=1498"},{"taxonomy":"post_tag","embeddable":true,"href":"https:\/\/www.ursu9.es\/news\/wp-json\/wp\/v2\/tags?post=1498"}],"curies":[{"name":"wp","href":"https:\/\/api.w.org\/{rel}","templated":true}]}}